{"id":3408,"date":"2015-11-28T19:35:35","date_gmt":"2015-11-28T18:35:35","guid":{"rendered":"https:\/\/www.fondation-sana.ch\/prix-sana-2015\/"},"modified":"2021-12-03T09:51:33","modified_gmt":"2021-12-03T08:51:33","slug":"prix-sana-2015","status":"publish","type":"post","link":"https:\/\/www.fondation-sana.ch\/fr\/prix-sana-2015\/","title":{"rendered":"Prix Sana 2015"},"content":{"rendered":"<h3>Le \u00ab Prix Sana \u00bb 2015 distingue des engagements d\u00e9sint\u00e9ress\u00e9s en faveur d\u2019enfants et de la famille<\/h3>\n<p><strong>En 2015, le Prix Sana, le prix de la sant\u00e9 le mieux dot\u00e9 de Suisse avec 30&rsquo;000 francs, va dans les cantons de Berne, de Zurich et du Jura. Trois laur\u00e9ats ont \u00e9t\u00e9 r\u00e9compens\u00e9s par la Fondation Sana avec un montant de 10&rsquo;000 francs chacun pour leur engagement d\u00e9sint\u00e9ress\u00e9 en faveur d\u2019enfants et de la famille. Ce prix a \u00e9t\u00e9 remis dans le cadre du salon Swiss Handicap, \u00e0 la Messe Luzern. Les propositions de nominations pour le Prix Sana 2016 peuvent \u00eatre remises \u00e0 la Fondation d\u00e8s \u00e0 pr\u00e9sent.<\/strong><\/p>\n<p>Le Prix Sana distingue, chaque ann\u00e9e, des personnes et leur engagement d\u00e9sint\u00e9ress\u00e9 pour le bien de leurs semblables. La Fondation Sana d\u00e9cerne depuis cinq ans ce prix dot\u00e9, au total de 30&rsquo;000 francs. A travers ce prix de la sant\u00e9, la fondation veut marquer sa reconnaissance et son estime pour l\u2019humanit\u00e9 et l\u2019action b\u00e9n\u00e9vole en faveur de personnes souffrant de graves probl\u00e8mes de sant\u00e9, en Suisse. Cette ann\u00e9e, le jury compos\u00e9 de personnalit\u00e9s de renom s\u2019est prononc\u00e9 contre un classement et a r\u00e9compens\u00e9 les trois laur\u00e9ats avec un montant de 10&rsquo;000 francs chacun.<\/p>\n","protected":false},"excerpt":{"rendered":"<p>En 2015, le Prix Sana, le prix de la sant\u00e9 le mieux dot\u00e9 de Suisse avec 30&rsquo;000 francs, va dans les cantons de Berne, de Zurich et du Jura. Trois laur\u00e9ats ont \u00e9t\u00e9 r\u00e9compens\u00e9s par la Fondation Sana avec un montant de 10&rsquo;000 francs chacun pour leur engagement d\u00e9sint\u00e9ress\u00e9 en faveur d\u2019enfants et de la famille. Ce prix a \u00e9t\u00e9 remis dans le cadre du salon Swiss Handicap, \u00e0 la Messe Luzern.<\/p>\n","protected":false},"author":1,"featured_media":5183,"comment_status":"closed","ping_status":"closed","sticky":false,"template":"","format":"standard","meta":{"_acf_changed":false,"_monsterinsights_skip_tracking":false,"_monsterinsights_sitenote_active":false,"_monsterinsights_sitenote_note":"","_monsterinsights_sitenote_category":0,"footnotes":""},"categories":[3],"tags":[],"class_list":["post-3408","post","type-post","status-publish","format-standard","has-post-thumbnail","hentry","category-actualites"],"acf":[],"_links":{"self":[{"href":"https:\/\/www.fondation-sana.ch\/fr\/wp-json\/wp\/v2\/posts\/3408","targetHints":{"allow":["GET"]}}],"collection":[{"href":"https:\/\/www.fondation-sana.ch\/fr\/wp-json\/wp\/v2\/posts"}],"about":[{"href":"https:\/\/www.fondation-sana.ch\/fr\/wp-json\/wp\/v2\/types\/post"}],"author":[{"embeddable":true,"href":"https:\/\/www.fondation-sana.ch\/fr\/wp-json\/wp\/v2\/users\/1"}],"replies":[{"embeddable":true,"href":"https:\/\/www.fondation-sana.ch\/fr\/wp-json\/wp\/v2\/comments?post=3408"}],"version-history":[{"count":4,"href":"https:\/\/www.fondation-sana.ch\/fr\/wp-json\/wp\/v2\/posts\/3408\/revisions"}],"predecessor-version":[{"id":5198,"href":"https:\/\/www.fondation-sana.ch\/fr\/wp-json\/wp\/v2\/posts\/3408\/revisions\/5198"}],"wp:featuredmedia":[{"embeddable":true,"href":"https:\/\/www.fondation-sana.ch\/fr\/wp-json\/wp\/v2\/media\/5183"}],"wp:attachment":[{"href":"https:\/\/www.fondation-sana.ch\/fr\/wp-json\/wp\/v2\/media?parent=3408"}],"wp:term":[{"taxonomy":"category","embeddable":true,"href":"https:\/\/www.fondation-sana.ch\/fr\/wp-json\/wp\/v2\/categories?post=3408"},{"taxonomy":"post_tag","embeddable":true,"href":"https:\/\/www.fondation-sana.ch\/fr\/wp-json\/wp\/v2\/tags?post=3408"}],"curies":[{"name":"wp","href":"https:\/\/api.w.org\/{rel}","templated":true}]}}