{"id":6421,"date":"2022-11-12T13:56:38","date_gmt":"2022-11-12T12:56:38","guid":{"rendered":"https:\/\/www.fondation-sana.ch\/?p=6421"},"modified":"2022-11-16T14:41:51","modified_gmt":"2022-11-16T13:41:51","slug":"prix-sana-2022","status":"publish","type":"post","link":"https:\/\/www.fondation-sana.ch\/fr\/prix-sana-2022\/","title":{"rendered":"Prix Sana 2022"},"content":{"rendered":"<h2>Le Prix Sana\u00a02022 est d\u00e9cern\u00e9 \u00e0 trois h\u00e9ros de la sant\u00e9<\/h2>\n<p><strong>Un tr\u00e8s grand nombre de personnes \u0153uvrent chaque jour en silence pour la sant\u00e9 des autres. Aussi \u00e9vidente qu\u2019elle soit pour elles, cette d\u00e9marche n\u2019en demeure pas moins trop souvent m\u00e9connue du public : le Prix Sana 2022 est d\u00e9cern\u00e9 \u00e0 Maria Lopez (VD), Siegfried Schiesser (GL) et Regula Meyer (AG) pour leur engagement d\u00e9sint\u00e9ress\u00e9.<\/strong><\/p>\n<p>Rendez-vous m\u00e9dical, activit\u00e9 de jardinage ou tout simplement gestion du quotidien\u00a0: la moindre t\u00e2che devient un d\u00e9fi lorsque l\u2019on souffre de probl\u00e8mes de sant\u00e9. Les trois laur\u00e9ats du Prix Sana de cette ann\u00e9e apportent \u00e0 leurs semblables un soutien pr\u00e9cieux et d\u00e9sint\u00e9ress\u00e9. Dans le cadre d\u2019une c\u00e9r\u00e9monie festive organis\u00e9e le 12\u00a0novembre \u00e0 Zurich, ils ont \u00e9t\u00e9 r\u00e9compens\u00e9s pour les nombreuses actions b\u00e9n\u00e9voles men\u00e9es chaque jour en Suisse pour le bien-\u00eatre et la sant\u00e9 de leurs concitoyens.<\/p>\n<h2>Un engagement fort et \u00e9vident<\/h2>\n<p>\u00ab\u00a0Ma motivation, c\u2019est de voir la joie et la reconnaissance dans les yeux des personnes que j\u2019aide\u00a0\u00bb, d\u00e9clare le Glaronais Siegfried Schiesser, qui a \u00e9t\u00e9 nomin\u00e9 par son fr\u00e8re Werner. Depuis de nombreuses ann\u00e9es, il assure un service de transport pour la Croix-Rouge suisse et participe au programme \u00ab\u00a0seniors pour les seniors\u00a0\u00bb de Pro Senectute. L\u2019engagement en faveur des autres est \u00e9galement une \u00e9vidence pour Regula Meyer, \u00e9tablie en Argovie\u00a0: \u00ab\u00a0J\u2019apporte volontiers mon aide et n\u2019atteins pas facilement mes limites. Je souhaite en faire profiter les personnes qui vont moins bien que moi.\u00a0\u00bb Depuis plus de 20\u00a0ans, elle h\u00e9berge temporairement des enfants issus de milieux difficiles et en accueille d\u2019autres \u00e0 la journ\u00e9e. C\u2019est sa fille Melanie qui l\u2019a nomin\u00e9e. Maria Lopez, la troisi\u00e8me laur\u00e9ate, a cr\u00e9\u00e9 dans le canton de Vaud une oasis dans laquelle elle accompagne chaque jour des personnes handicap\u00e9es. Elle a \u00e9t\u00e9 nomin\u00e9e par la m\u00e8re d\u2019une jeune femme qui passe la journ\u00e9e et apporte son aide \u00e0 la ferme. Cet \u00e9lan a depuis gagn\u00e9 toute la famille ainsi que de nombreux amis et habitants du village. Ensemble, ils organisent chaque ann\u00e9e des camps sportifs pour l\u2019association PluSport.<\/p>\n<h2>Un prix r\u00e9compensant un engagement sans faille<\/h2>\n<p>S\u00e9r\u00e9nit\u00e9 et grand c\u0153ur unissent les trois r\u00e9cipiendaires, qui rendent des services inestimables pour favoriser le bien-\u00eatre et la sant\u00e9 de leurs semblables. La Fondation Sana s\u2019engage activement en faveur du secteur sanitaire et social et d\u00e9cerne une fois par an le Prix Sana \u00e0 des personnes qui \u0153uvrent elles aussi pour le bien commun. \u00ab\u00a0Nous remettons ce prix pour la onzi\u00e8me fois et exprimons ainsi notre estime et notre reconnaissance pour le travail si important qui est men\u00e9. Cette r\u00e9compense est destin\u00e9e \u00e0 rendre visibles ces actions silencieuses\u00a0\u00bb, souligne Rolf Leutert, pr\u00e9sident du Conseil de fondation. Les laur\u00e9ats re\u00e7oivent chacun CHF\u00a010\u00a0000.\u2013 et une sculpture du Prix Sana du c\u00e9l\u00e8bre artiste suisse Gottfried Honegger.<\/p>\n<p>Les cinq membres du jury, le Prof. Dr. Martin Meuli (pr\u00e9sident du jury), Sandra Studer, Michelle Zimmermann, le Prof. Dr. Thomas Szucs et le Dr. Rolf Leutert, \u00e9lisent chaque ann\u00e9e des h\u00e9ros de la sant\u00e9 parmi les nombreux nomin\u00e9s. Au cours des onze ann\u00e9es d\u2019existence du Prix Sana, 33 personnes engag\u00e9es en faveur du bien commun ont re\u00e7u un montant total de CHF\u00a0320\u00a0000.\u2013 et ont \u00e9t\u00e9 mises \u00e0 l\u2019honneur \u00e0 l\u2019occasion d\u2019une c\u00e9r\u00e9monie organis\u00e9e en pr\u00e9sence de leurs familles et amis.<\/p>\n<h2>Les laur\u00e9ats du Prix Sana 2022<\/h2>\n","protected":false},"excerpt":{"rendered":"<p>Le Prix Sana 2022 est d\u00e9cern\u00e9 \u00e0 trois h\u00e9ros de la sant\u00e9. Un tr\u00e8s grand nombre de personnes \u0153uvrent chaque jour en silence pour la sant\u00e9 des autres. Aussi \u00e9vidente qu\u2019elle soit pour elles, cette d\u00e9marche n\u2019en demeure pas moins trop souvent m\u00e9connue du public : le Prix Sana 2022 est d\u00e9cern\u00e9 \u00e0 Maria Lopez (VD), Siegfried Schiesser (GL) et Regula Meyer (AG) pour leur engagement d\u00e9sint\u00e9ress\u00e9.<\/p>\n","protected":false},"author":1,"featured_media":6534,"comment_status":"closed","ping_status":"closed","sticky":false,"template":"","format":"standard","meta":{"_acf_changed":false,"_monsterinsights_skip_tracking":false,"_monsterinsights_sitenote_active":false,"_monsterinsights_sitenote_note":"","_monsterinsights_sitenote_category":0,"footnotes":""},"categories":[3],"tags":[],"class_list":["post-6421","post","type-post","status-publish","format-standard","has-post-thumbnail","hentry","category-actualites"],"acf":[],"_links":{"self":[{"href":"https:\/\/www.fondation-sana.ch\/fr\/wp-json\/wp\/v2\/posts\/6421","targetHints":{"allow":["GET"]}}],"collection":[{"href":"https:\/\/www.fondation-sana.ch\/fr\/wp-json\/wp\/v2\/posts"}],"about":[{"href":"https:\/\/www.fondation-sana.ch\/fr\/wp-json\/wp\/v2\/types\/post"}],"author":[{"embeddable":true,"href":"https:\/\/www.fondation-sana.ch\/fr\/wp-json\/wp\/v2\/users\/1"}],"replies":[{"embeddable":true,"href":"https:\/\/www.fondation-sana.ch\/fr\/wp-json\/wp\/v2\/comments?post=6421"}],"version-history":[{"count":7,"href":"https:\/\/www.fondation-sana.ch\/fr\/wp-json\/wp\/v2\/posts\/6421\/revisions"}],"predecessor-version":[{"id":6613,"href":"https:\/\/www.fondation-sana.ch\/fr\/wp-json\/wp\/v2\/posts\/6421\/revisions\/6613"}],"wp:featuredmedia":[{"embeddable":true,"href":"https:\/\/www.fondation-sana.ch\/fr\/wp-json\/wp\/v2\/media\/6534"}],"wp:attachment":[{"href":"https:\/\/www.fondation-sana.ch\/fr\/wp-json\/wp\/v2\/media?parent=6421"}],"wp:term":[{"taxonomy":"category","embeddable":true,"href":"https:\/\/www.fondation-sana.ch\/fr\/wp-json\/wp\/v2\/categories?post=6421"},{"taxonomy":"post_tag","embeddable":true,"href":"https:\/\/www.fondation-sana.ch\/fr\/wp-json\/wp\/v2\/tags?post=6421"}],"curies":[{"name":"wp","href":"https:\/\/api.w.org\/{rel}","templated":true}]}}