{"id":7211,"date":"2024-11-30T14:00:33","date_gmt":"2024-11-30T13:00:33","guid":{"rendered":"https:\/\/www.fondation-sana.ch\/?p=7211"},"modified":"2024-11-30T17:26:52","modified_gmt":"2024-11-30T16:26:52","slug":"prix-sana-2024","status":"publish","type":"post","link":"https:\/\/www.fondation-sana.ch\/it\/prix-sana-2024\/","title":{"rendered":"Prix Sana 2024"},"content":{"rendered":"<h2>Riconoscimento per accompagnatrici e accompagnatori coraggiose\/i nell\u2019ambito dei tumori e della demenza<\/h2>\n<p><strong>Il Prix Sana significa un grosso impegno a favore di persone con problemi di salute e dei loro famigliari. Diagnosi quali il cancro e la demenza, infatti, comportano una svolta fondamentale nella vita e solleva molti interrogativi. Un accompagnamento prudente e comprensivo, in questi casi, \u00e8 molto prezioso, oltre\u00a0 al sostegno medico-sanitario da parte di specialisti. I peer della lega svizzera contro il cancro sanno per proprio vissuto quali domande preoccupano le persone confrontate con una diagnosi di tumore. Essi ricevono il Prix Sana in quanto gruppo. L\u2019altro Prix Sana viene conferito a Cristina De Biasio Marinella di San Gallo che con grande impegno sostiene persone affette da demenza in giovane et\u00e0 e pure le\/i loro partner e figli.<\/strong><\/p>\n<p>Le e i premiate\/i del Prix Sana 2024 con le loro esperienze e le loro conoscenze s\u2019impegnano a favore del benessere di altre persone confrontate con una situazione difficile. In data 30 novembre 2024 la Fondation Sana\u00a0 conferisce loro il Prix Sana in occasione di una festosa cerimonia di premiazione a Zurigo.<\/p>\n<h2>Sostegno basato sull\u2019esperienza a persone affette da tumori: peer della lega svizzera contro il cancro premiati con il Prix Sana<\/h2>\n<p>Per persone confrontate con una malattia quale la demenza o il cancro avere qualcuno al proprio fianco che le accompagna durante un periodo difficile riveste una grande importanza. \u00abA suo tempo mi sarei augurata di poter contattare qualcuno che ha gi\u00e0 vissuto una simile esperienza\u00bb, dichiara Andrea, che oggi, dopo due diagnosi di tumori, s\u2019impegna quale peer per persone affette da cancro e i loro famigliari. In tal modo, il suo vissuto ha generato ancora qualcosa di buono, visto che altre persone ne possono approfittare. Andrea \u00e8 una di 80 persone che sulla piattaforma della lega svizzera contro il cancro raccontano la propria storia e accompagnano con molta sensibilit\u00e0, tanto cuore e le loro conoscenze le persone durante il periodo difficile di una malattia tumorale.<\/p>\n<h2>Sostegno di persone affette da demenza in giovane et\u00e0: Cristina De Biasio Marinello ottiene il Prix Sana<\/h2>\n<p>In Svizzera le persone affette da demenza in giovane et\u00e0 sono circa 8\u2019000. L\u2019altra premiata, Cristina De Biasio Marinello, \u00e8 cofondatrice dell&#8217;associazione mosa!k, che presenta offerte proprio per queste persone. Dopo gli anni iniziali di avviamento oggi \u00e8 direttrice dell&#8217;associazione, collabora per\u00f2 ancora attivamente nell\u2019ambito delle diverse offerte per persone colpite e famigliari. \u00abQuando una persona giovane si ammala di demenza, la maggior parte delle volte si vede catapultata fuori dal mondo del lavoro. Le finanze non sono regolate, i bambini sono ancora in formazione. Ci si trova davanti a una montagna enorme e non si sa come procedere. In questi casi serve qualcuno come Cristina.\u00bb, spiega Franziska Ebneter, che ha proposto quest\u2019ultima per il premio.<\/p>\n<h2>Segni di riconoscimento: la Fondation Sana premia l\u2019impegno in favore del bene comune<\/h2>\n<p>La Fondation Sana contribuisce a rafforzare il sistema sanitario e a colmare le lacune nell\u2019approvvigionamento, sostenendo, promuovendo e premiando in modo mirato persone, progetti e organizzazioni. Una volta all\u2019anno a persone cos\u00ec attive essa conferisce il Prix Sana. \u00abLe persone da noi premiate s\u2019impegnano per convinzione in favore del benessere di altri e cos\u00ec facendo cambiano delle vite. \u00c8 gi\u00e0 la tredicesima volta che possiamo conferire il premio e dunque esprimere cos\u00ec la nostra stima e il nostro riconoscimento per lo straordinario impegno. Riconosciamo l\u2019iniziativa e il lavoro prezioso di queste persone.\u00bb, sottolinea il presidente del Consiglio di fondazione Rolf Leutert.<\/p>\n<p>Fino ad oggi la Fondation Sana ha conferito 35 volte il Prix Sana, premiando le persone impegnate a favore del bene comune con complessivamente CHF 380\u2019000. Il premio viene consegnato ogni volta nell\u2019ambito di una premiazione solenne assieme alle famiglie e alle amiche\/agli amici delle persone premiate. Il Prix Sana di quest\u2019anno ammonta a CHF 15\u2019000 per ogni persona o associazione premiata e una scultura Prix Sana del noto artista svizzero Gottfried Honegger.<\/p>\n<h2>Ecco i vincitori e le vincitrici del Prix Sana 2024<\/h2>\n","protected":false},"excerpt":{"rendered":"<p>Il Prix Sana significa un grosso impegno a favore di persone con problemi di salute e dei loro famigliari. Diagnosi quali il cancro e la demenza, infatti, comportano una svolta fondamentale nella vita e solleva molti interrogativi. Un accompagnamento prudente e comprensivo, in questi casi, \u00e8 molto prezioso, oltre\u00a0 al sostegno medico-sanitario da parte di specialisti. I peer della lega svizzera contro il cancro sanno per proprio vissuto quali domande preoccupano le persone confrontate con una diagnosi di tumore. Essi ricevono il Prix Sana in quanto gruppo. L\u2019altro Prix Sana viene conferito a Cristina De Biasio Marinella di San Gallo che con grande impegno sostiene persone affette da demenza in giovane et\u00e0 e pure le\/i loro partner e figli.<\/p>\n","protected":false},"author":1,"featured_media":7275,"comment_status":"closed","ping_status":"closed","sticky":false,"template":"","format":"standard","meta":{"_acf_changed":false,"_monsterinsights_skip_tracking":false,"_monsterinsights_sitenote_active":false,"_monsterinsights_sitenote_note":"","_monsterinsights_sitenote_category":0,"footnotes":""},"categories":[4],"tags":[],"class_list":["post-7211","post","type-post","status-publish","format-standard","has-post-thumbnail","hentry","category-notizie"],"acf":[],"_links":{"self":[{"href":"https:\/\/www.fondation-sana.ch\/it\/wp-json\/wp\/v2\/posts\/7211","targetHints":{"allow":["GET"]}}],"collection":[{"href":"https:\/\/www.fondation-sana.ch\/it\/wp-json\/wp\/v2\/posts"}],"about":[{"href":"https:\/\/www.fondation-sana.ch\/it\/wp-json\/wp\/v2\/types\/post"}],"author":[{"embeddable":true,"href":"https:\/\/www.fondation-sana.ch\/it\/wp-json\/wp\/v2\/users\/1"}],"replies":[{"embeddable":true,"href":"https:\/\/www.fondation-sana.ch\/it\/wp-json\/wp\/v2\/comments?post=7211"}],"version-history":[{"count":8,"href":"https:\/\/www.fondation-sana.ch\/it\/wp-json\/wp\/v2\/posts\/7211\/revisions"}],"predecessor-version":[{"id":7307,"href":"https:\/\/www.fondation-sana.ch\/it\/wp-json\/wp\/v2\/posts\/7211\/revisions\/7307"}],"wp:featuredmedia":[{"embeddable":true,"href":"https:\/\/www.fondation-sana.ch\/it\/wp-json\/wp\/v2\/media\/7275"}],"wp:attachment":[{"href":"https:\/\/www.fondation-sana.ch\/it\/wp-json\/wp\/v2\/media?parent=7211"}],"wp:term":[{"taxonomy":"category","embeddable":true,"href":"https:\/\/www.fondation-sana.ch\/it\/wp-json\/wp\/v2\/categories?post=7211"},{"taxonomy":"post_tag","embeddable":true,"href":"https:\/\/www.fondation-sana.ch\/it\/wp-json\/wp\/v2\/tags?post=7211"}],"curies":[{"name":"wp","href":"https:\/\/api.w.org\/{rel}","templated":true}]}}